{"id":492,"date":"2017-05-25T13:29:27","date_gmt":"2017-05-25T11:29:27","guid":{"rendered":"http:\/\/www.timo-alexander-wenzel.de\/?p=492"},"modified":"2017-05-25T13:29:27","modified_gmt":"2017-05-25T11:29:27","slug":"nachtstudio-auf-bayern-2","status":"publish","type":"post","link":"http:\/\/www.timo-alexander-wenzel.de\/?p=492","title":{"rendered":"Nachtstudio auf Bayern 2"},"content":{"rendered":"<p>Zu h\u00f6ren als Sprecher im Nachtstudio auf Bayern 2 am 30.05. ab 20:03 Uhr &#8211; und anschlie\u00dfend auch als Podcast verf\u00fcgbar<\/p>\n","protected":false},"excerpt":{"rendered":"<p>Zu h\u00f6ren als Sprecher im Nachtstudio auf Bayern 2 am 30.05. ab 20:03 Uhr &#8211; und anschlie\u00dfend auch als Podcast verf\u00fcgbar<\/p>\n","protected":false},"author":2,"featured_media":0,"comment_status":"closed","ping_status":"closed","sticky":false,"template":"","format":"standard","meta":[],"categories":[1],"tags":[],"_links":{"self":[{"href":"http:\/\/www.timo-alexander-wenzel.de\/index.php?rest_route=\/wp\/v2\/posts\/492"}],"collection":[{"href":"http:\/\/www.timo-alexander-wenzel.de\/index.php?rest_route=\/wp\/v2\/posts"}],"about":[{"href":"http:\/\/www.timo-alexander-wenzel.de\/index.php?rest_route=\/wp\/v2\/types\/post"}],"author":[{"embeddable":true,"href":"http:\/\/www.timo-alexander-wenzel.de\/index.php?rest_route=\/wp\/v2\/users\/2"}],"replies":[{"embeddable":true,"href":"http:\/\/www.timo-alexander-wenzel.de\/index.php?rest_route=%2Fwp%2Fv2%2Fcomments&post=492"}],"version-history":[{"count":1,"href":"http:\/\/www.timo-alexander-wenzel.de\/index.php?rest_route=\/wp\/v2\/posts\/492\/revisions"}],"predecessor-version":[{"id":493,"href":"http:\/\/www.timo-alexander-wenzel.de\/index.php?rest_route=\/wp\/v2\/posts\/492\/revisions\/493"}],"wp:attachment":[{"href":"http:\/\/www.timo-alexander-wenzel.de\/index.php?rest_route=%2Fwp%2Fv2%2Fmedia&parent=492"}],"wp:term":[{"taxonomy":"category","embeddable":true,"href":"http:\/\/www.timo-alexander-wenzel.de\/index.php?rest_route=%2Fwp%2Fv2%2Fcategories&post=492"},{"taxonomy":"post_tag","embeddable":true,"href":"http:\/\/www.timo-alexander-wenzel.de\/index.php?rest_route=%2Fwp%2Fv2%2Ftags&post=492"}],"curies":[{"name":"wp","href":"https:\/\/api.w.org\/{rel}","templated":true}]}}