{"id":576,"date":"2018-09-14T11:50:56","date_gmt":"2018-09-14T09:50:56","guid":{"rendered":"http:\/\/www.timo-alexander-wenzel.de\/?p=576"},"modified":"2018-09-14T11:50:56","modified_gmt":"2018-09-14T09:50:56","slug":"fuer-die-ard-abgedreht","status":"publish","type":"post","link":"http:\/\/www.timo-alexander-wenzel.de\/?p=576","title":{"rendered":"F\u00fcr die ARD abgedreht"},"content":{"rendered":"<p>Eine Episodenhauptrolle f\u00fcr die Serie &#8222;In aller Freundschaft &#8211; Die jungen \u00c4rzte&#8220;<\/p>\n","protected":false},"excerpt":{"rendered":"<p>Eine Episodenhauptrolle f\u00fcr die Serie &#8222;In aller Freundschaft &#8211; Die jungen \u00c4rzte&#8220;<\/p>\n","protected":false},"author":2,"featured_media":0,"comment_status":"closed","ping_status":"closed","sticky":false,"template":"","format":"standard","meta":[],"categories":[1],"tags":[],"_links":{"self":[{"href":"http:\/\/www.timo-alexander-wenzel.de\/index.php?rest_route=\/wp\/v2\/posts\/576"}],"collection":[{"href":"http:\/\/www.timo-alexander-wenzel.de\/index.php?rest_route=\/wp\/v2\/posts"}],"about":[{"href":"http:\/\/www.timo-alexander-wenzel.de\/index.php?rest_route=\/wp\/v2\/types\/post"}],"author":[{"embeddable":true,"href":"http:\/\/www.timo-alexander-wenzel.de\/index.php?rest_route=\/wp\/v2\/users\/2"}],"replies":[{"embeddable":true,"href":"http:\/\/www.timo-alexander-wenzel.de\/index.php?rest_route=%2Fwp%2Fv2%2Fcomments&post=576"}],"version-history":[{"count":1,"href":"http:\/\/www.timo-alexander-wenzel.de\/index.php?rest_route=\/wp\/v2\/posts\/576\/revisions"}],"predecessor-version":[{"id":577,"href":"http:\/\/www.timo-alexander-wenzel.de\/index.php?rest_route=\/wp\/v2\/posts\/576\/revisions\/577"}],"wp:attachment":[{"href":"http:\/\/www.timo-alexander-wenzel.de\/index.php?rest_route=%2Fwp%2Fv2%2Fmedia&parent=576"}],"wp:term":[{"taxonomy":"category","embeddable":true,"href":"http:\/\/www.timo-alexander-wenzel.de\/index.php?rest_route=%2Fwp%2Fv2%2Fcategories&post=576"},{"taxonomy":"post_tag","embeddable":true,"href":"http:\/\/www.timo-alexander-wenzel.de\/index.php?rest_route=%2Fwp%2Fv2%2Ftags&post=576"}],"curies":[{"name":"wp","href":"https:\/\/api.w.org\/{rel}","templated":true}]}}