{"id":595,"date":"2019-06-03T20:55:15","date_gmt":"2019-06-03T18:55:15","guid":{"rendered":"http:\/\/www.timo-alexander-wenzel.de\/?p=595"},"modified":"2019-06-03T20:55:15","modified_gmt":"2019-06-03T18:55:15","slug":"aufnahme-fuer-br-2","status":"publish","type":"post","link":"http:\/\/www.timo-alexander-wenzel.de\/?p=595","title":{"rendered":"Aufnahme f\u00fcr BR 2"},"content":{"rendered":"<p>Zu h\u00f6ren in der Sendung &#8222;Seele &#8211; l\u00e4uft&#8220; am 09.06. um 11:05 Uhr und 18:05 Uhr im Bayerischen Rundfunk<\/p>\n","protected":false},"excerpt":{"rendered":"<p>Zu h\u00f6ren in der Sendung &#8222;Seele &#8211; l\u00e4uft&#8220; am 09.06. um 11:05 Uhr und 18:05 Uhr im Bayerischen Rundfunk<\/p>\n","protected":false},"author":2,"featured_media":0,"comment_status":"closed","ping_status":"closed","sticky":false,"template":"","format":"standard","meta":[],"categories":[1],"tags":[],"_links":{"self":[{"href":"http:\/\/www.timo-alexander-wenzel.de\/index.php?rest_route=\/wp\/v2\/posts\/595"}],"collection":[{"href":"http:\/\/www.timo-alexander-wenzel.de\/index.php?rest_route=\/wp\/v2\/posts"}],"about":[{"href":"http:\/\/www.timo-alexander-wenzel.de\/index.php?rest_route=\/wp\/v2\/types\/post"}],"author":[{"embeddable":true,"href":"http:\/\/www.timo-alexander-wenzel.de\/index.php?rest_route=\/wp\/v2\/users\/2"}],"replies":[{"embeddable":true,"href":"http:\/\/www.timo-alexander-wenzel.de\/index.php?rest_route=%2Fwp%2Fv2%2Fcomments&post=595"}],"version-history":[{"count":1,"href":"http:\/\/www.timo-alexander-wenzel.de\/index.php?rest_route=\/wp\/v2\/posts\/595\/revisions"}],"predecessor-version":[{"id":596,"href":"http:\/\/www.timo-alexander-wenzel.de\/index.php?rest_route=\/wp\/v2\/posts\/595\/revisions\/596"}],"wp:attachment":[{"href":"http:\/\/www.timo-alexander-wenzel.de\/index.php?rest_route=%2Fwp%2Fv2%2Fmedia&parent=595"}],"wp:term":[{"taxonomy":"category","embeddable":true,"href":"http:\/\/www.timo-alexander-wenzel.de\/index.php?rest_route=%2Fwp%2Fv2%2Fcategories&post=595"},{"taxonomy":"post_tag","embeddable":true,"href":"http:\/\/www.timo-alexander-wenzel.de\/index.php?rest_route=%2Fwp%2Fv2%2Ftags&post=595"}],"curies":[{"name":"wp","href":"https:\/\/api.w.org\/{rel}","templated":true}]}}